{"id":946,"date":"2024-04-05T08:51:45","date_gmt":"2024-04-05T11:51:45","guid":{"rendered":"https:\/\/curadorias.inf.br\/?p=946"},"modified":"2024-04-05T08:51:45","modified_gmt":"2024-04-05T11:51:45","slug":"introducao-a-comunicacao-cientifica-e-normas-da-abnt-para-estudantes-do-3o-ano-na-bibloteca","status":"publish","type":"post","link":"https:\/\/extralibris.net\/sesisenai\/introducao-a-comunicacao-cientifica-e-normas-da-abnt-para-estudantes-do-3o-ano-na-bibloteca\/","title":{"rendered":"Introdu\u00e7\u00e3o a comunica\u00e7\u00e3o cient\u00edfica e normas da abnt para estudantes do 3o ano de Eletromec\u00e2nica"},"content":{"rendered":"\n<p class=\"wp-block-paragraph\">Das 9:40 horas \u00e0s 12 horas<\/p>\n\n\n\n<figure class=\"wp-block-embed is-type-video is-provider-ted wp-block-embed-ted wp-embed-aspect-16-9 wp-has-aspect-ratio\"><div class=\"wp-block-embed__wrapper\">\n<iframe loading=\"lazy\" title=\"Laura Snyder: The Philosophical Breakfast Club\" src=\"https:\/\/embed.ted.com\/talks\/laura_snyder_the_philosophical_breakfast_club\" width=\"500\" height=\"282\" frameborder=\"0\" scrolling=\"no\" webkitAllowFullScreen mozallowfullscreen allowFullScreen><\/iframe>\n<\/div><\/figure>\n\n\n\n<p class=\"wp-block-paragraph\"><\/p>\n\n\n\n<figure class=\"wp-block-embed is-type-video is-provider-ted wp-block-embed-ted wp-embed-aspect-16-9 wp-has-aspect-ratio\"><div class=\"wp-block-embed__wrapper\">\n<iframe loading=\"lazy\" title=\"Stuart Firestein: The pursuit of ignorance\" src=\"https:\/\/embed.ted.com\/talks\/stuart_firestein_the_pursuit_of_ignorance\" width=\"500\" height=\"282\" frameborder=\"0\" scrolling=\"no\" webkitAllowFullScreen mozallowfullscreen allowFullScreen><\/iframe>\n<\/div><\/figure>\n\n\n\n<p class=\"wp-block-paragraph\"><\/p>\n\n\n\n<figure class=\"wp-block-embed is-type-video is-provider-ted wp-block-embed-ted wp-embed-aspect-16-9 wp-has-aspect-ratio\"><div class=\"wp-block-embed__wrapper\">\n<iframe loading=\"lazy\" title=\"Daniel Tammet: Different ways of knowing\" src=\"https:\/\/embed.ted.com\/talks\/daniel_tammet_different_ways_of_knowing\" width=\"500\" height=\"282\" frameborder=\"0\" scrolling=\"no\" webkitAllowFullScreen mozallowfullscreen allowFullScreen><\/iframe>\n<\/div><\/figure>\n","protected":false},"excerpt":{"rendered":"<p>Das 9:40 horas \u00e0s 12 horas<\/p>\n","protected":false},"author":1,"featured_media":0,"comment_status":"closed","ping_status":"closed","sticky":false,"template":"","format":"standard","meta":{"_genesis_hide_title":false,"_genesis_hide_breadcrumbs":false,"_genesis_hide_singular_image":false,"_genesis_hide_footer_widgets":false,"_genesis_custom_body_class":"","_genesis_custom_post_class":"","_genesis_layout":"","footnotes":""},"categories":[2],"tags":[],"class_list":["post-946","post","type-post","status-publish","format-standard","category-biblioteca-figital","entry"],"yoast_head":"<!-- This site is optimized with the Yoast SEO plugin v28.3 - https:\/\/yoast.com\/product\/yoast-seo-wordpress\/ -->\n<title>Introdu\u00e7\u00e3o a comunica\u00e7\u00e3o cient\u00edfica e normas da abnt para estudantes do 3o ano de Eletromec\u00e2nica - SESI SENAI Goi\u00e1s<\/title>\n<meta name=\"robots\" content=\"index, follow, max-snippet:-1, max-image-preview:large, max-video-preview:-1\" \/>\n<link rel=\"canonical\" href=\"https:\/\/extralibris.net\/sesisenai\/introducao-a-comunicacao-cientifica-e-normas-da-abnt-para-estudantes-do-3o-ano-na-bibloteca\/\" \/>\n<meta property=\"og:locale\" content=\"pt_BR\" \/>\n<meta property=\"og:type\" content=\"article\" \/>\n<meta property=\"og:title\" content=\"Introdu\u00e7\u00e3o a comunica\u00e7\u00e3o cient\u00edfica e normas da abnt para estudantes do 3o ano de Eletromec\u00e2nica - SESI SENAI Goi\u00e1s\" \/>\n<meta property=\"og:description\" content=\"Das 9:40 horas \u00e0s 12 horas\" \/>\n<meta property=\"og:url\" content=\"https:\/\/extralibris.net\/sesisenai\/introducao-a-comunicacao-cientifica-e-normas-da-abnt-para-estudantes-do-3o-ano-na-bibloteca\/\" \/>\n<meta property=\"og:site_name\" content=\"SESI SENAI Goi\u00e1s\" \/>\n<meta property=\"article:published_time\" content=\"2024-04-05T11:51:45+00:00\" \/>\n<meta name=\"author\" content=\"Fabiano Caruso\" \/>\n<meta name=\"twitter:card\" content=\"summary_large_image\" \/>\n<meta name=\"twitter:label1\" content=\"Escrito por\" \/>\n\t<meta name=\"twitter:data1\" content=\"Fabiano Caruso\" \/>\n\t<meta name=\"twitter:label2\" content=\"Est. tempo de leitura\" \/>\n\t<meta name=\"twitter:data2\" content=\"1 minuto\" \/>\n<script type=\"application\/ld+json\" class=\"yoast-schema-graph\">{\"@context\":\"https:\\\/\\\/schema.org\",\"@graph\":[{\"@type\":\"Article\",\"@id\":\"https:\\\/\\\/extralibris.net\\\/sesisenai\\\/introducao-a-comunicacao-cientifica-e-normas-da-abnt-para-estudantes-do-3o-ano-na-bibloteca\\\/#article\",\"isPartOf\":{\"@id\":\"https:\\\/\\\/extralibris.net\\\/sesisenai\\\/introducao-a-comunicacao-cientifica-e-normas-da-abnt-para-estudantes-do-3o-ano-na-bibloteca\\\/\"},\"author\":{\"name\":\"Fabiano Caruso\",\"@id\":\"https:\\\/\\\/extralibris.net\\\/sesisenai\\\/#\\\/schema\\\/person\\\/d6f5ac560e3fcd8e9049646df96682f9\"},\"headline\":\"Introdu\u00e7\u00e3o a comunica\u00e7\u00e3o cient\u00edfica e normas da abnt para estudantes do 3o ano de Eletromec\u00e2nica\",\"datePublished\":\"2024-04-05T11:51:45+00:00\",\"mainEntityOfPage\":{\"@id\":\"https:\\\/\\\/extralibris.net\\\/sesisenai\\\/introducao-a-comunicacao-cientifica-e-normas-da-abnt-para-estudantes-do-3o-ano-na-bibloteca\\\/\"},\"wordCount\":89,\"publisher\":{\"@id\":\"https:\\\/\\\/extralibris.net\\\/sesisenai\\\/#organization\"},\"articleSection\":[\"Biblioteca Figital\"],\"inLanguage\":\"pt-BR\"},{\"@type\":\"WebPage\",\"@id\":\"https:\\\/\\\/extralibris.net\\\/sesisenai\\\/introducao-a-comunicacao-cientifica-e-normas-da-abnt-para-estudantes-do-3o-ano-na-bibloteca\\\/\",\"url\":\"https:\\\/\\\/extralibris.net\\\/sesisenai\\\/introducao-a-comunicacao-cientifica-e-normas-da-abnt-para-estudantes-do-3o-ano-na-bibloteca\\\/\",\"name\":\"Introdu\u00e7\u00e3o a comunica\u00e7\u00e3o cient\u00edfica e normas da abnt para estudantes do 3o ano de Eletromec\u00e2nica - SESI SENAI Goi\u00e1s\",\"isPartOf\":{\"@id\":\"https:\\\/\\\/extralibris.net\\\/sesisenai\\\/#website\"},\"datePublished\":\"2024-04-05T11:51:45+00:00\",\"breadcrumb\":{\"@id\":\"https:\\\/\\\/extralibris.net\\\/sesisenai\\\/introducao-a-comunicacao-cientifica-e-normas-da-abnt-para-estudantes-do-3o-ano-na-bibloteca\\\/#breadcrumb\"},\"inLanguage\":\"pt-BR\",\"potentialAction\":[{\"@type\":\"ReadAction\",\"target\":[\"https:\\\/\\\/extralibris.net\\\/sesisenai\\\/introducao-a-comunicacao-cientifica-e-normas-da-abnt-para-estudantes-do-3o-ano-na-bibloteca\\\/\"]}]},{\"@type\":\"BreadcrumbList\",\"@id\":\"https:\\\/\\\/extralibris.net\\\/sesisenai\\\/introducao-a-comunicacao-cientifica-e-normas-da-abnt-para-estudantes-do-3o-ano-na-bibloteca\\\/#breadcrumb\",\"itemListElement\":[{\"@type\":\"ListItem\",\"position\":1,\"name\":\"In\u00edcio\",\"item\":\"https:\\\/\\\/extralibris.net\\\/sesisenai\\\/\"},{\"@type\":\"ListItem\",\"position\":2,\"name\":\"Introdu\u00e7\u00e3o a comunica\u00e7\u00e3o cient\u00edfica e normas da abnt para estudantes do 3o ano de Eletromec\u00e2nica\"}]},{\"@type\":\"WebSite\",\"@id\":\"https:\\\/\\\/extralibris.net\\\/sesisenai\\\/#website\",\"url\":\"https:\\\/\\\/extralibris.net\\\/sesisenai\\\/\",\"name\":\"SESI SENAI Goi\u00e1s\",\"description\":\"Curadoria Figital\",\"publisher\":{\"@id\":\"https:\\\/\\\/extralibris.net\\\/sesisenai\\\/#organization\"},\"potentialAction\":[{\"@type\":\"SearchAction\",\"target\":{\"@type\":\"EntryPoint\",\"urlTemplate\":\"https:\\\/\\\/extralibris.net\\\/sesisenai\\\/?s={search_term_string}\"},\"query-input\":{\"@type\":\"PropertyValueSpecification\",\"valueRequired\":true,\"valueName\":\"search_term_string\"}}],\"inLanguage\":\"pt-BR\"},{\"@type\":\"Organization\",\"@id\":\"https:\\\/\\\/extralibris.net\\\/sesisenai\\\/#organization\",\"name\":\"SESI SENAI Goi\u00e1s\",\"url\":\"https:\\\/\\\/extralibris.net\\\/sesisenai\\\/\",\"logo\":{\"@type\":\"ImageObject\",\"inLanguage\":\"pt-BR\",\"@id\":\"https:\\\/\\\/extralibris.net\\\/sesisenai\\\/#\\\/schema\\\/logo\\\/image\\\/\",\"url\":\"https:\\\/\\\/extralibris.net\\\/sesisenai\\\/wp-content\\\/uploads\\\/sites\\\/2\\\/2025\\\/05\\\/cropped-cropped-THUMB_SesiSenai_Colorida-1.jpg\",\"contentUrl\":\"https:\\\/\\\/extralibris.net\\\/sesisenai\\\/wp-content\\\/uploads\\\/sites\\\/2\\\/2025\\\/05\\\/cropped-cropped-THUMB_SesiSenai_Colorida-1.jpg\",\"width\":512,\"height\":256,\"caption\":\"SESI SENAI Goi\u00e1s\"},\"image\":{\"@id\":\"https:\\\/\\\/extralibris.net\\\/sesisenai\\\/#\\\/schema\\\/logo\\\/image\\\/\"}},{\"@type\":\"Person\",\"@id\":\"https:\\\/\\\/extralibris.net\\\/sesisenai\\\/#\\\/schema\\\/person\\\/d6f5ac560e3fcd8e9049646df96682f9\",\"name\":\"Fabiano Caruso\",\"image\":{\"@type\":\"ImageObject\",\"inLanguage\":\"pt-BR\",\"@id\":\"https:\\\/\\\/secure.gravatar.com\\\/avatar\\\/902dd05b026e1498c3df68d79527d66cc7cf71512ba49dde8c6a6ad7effdf64d?s=96&d=mm&r=g\",\"url\":\"https:\\\/\\\/secure.gravatar.com\\\/avatar\\\/902dd05b026e1498c3df68d79527d66cc7cf71512ba49dde8c6a6ad7effdf64d?s=96&d=mm&r=g\",\"contentUrl\":\"https:\\\/\\\/secure.gravatar.com\\\/avatar\\\/902dd05b026e1498c3df68d79527d66cc7cf71512ba49dde8c6a6ad7effdf64d?s=96&d=mm&r=g\",\"caption\":\"Fabiano Caruso\"},\"sameAs\":[\"https:\\\/\\\/figiteca.com\"],\"url\":\"https:\\\/\\\/extralibris.net\\\/sesisenai\\\/author\\\/caruso\\\/\"}]}<\/script>\n<!-- \/ Yoast SEO plugin. -->","yoast_head_json":{"title":"Introdu\u00e7\u00e3o a comunica\u00e7\u00e3o cient\u00edfica e normas da abnt para estudantes do 3o ano de Eletromec\u00e2nica - SESI SENAI Goi\u00e1s","robots":{"index":"index","follow":"follow","max-snippet":"max-snippet:-1","max-image-preview":"max-image-preview:large","max-video-preview":"max-video-preview:-1"},"canonical":"https:\/\/extralibris.net\/sesisenai\/introducao-a-comunicacao-cientifica-e-normas-da-abnt-para-estudantes-do-3o-ano-na-bibloteca\/","og_locale":"pt_BR","og_type":"article","og_title":"Introdu\u00e7\u00e3o a comunica\u00e7\u00e3o cient\u00edfica e normas da abnt para estudantes do 3o ano de Eletromec\u00e2nica - SESI SENAI Goi\u00e1s","og_description":"Das 9:40 horas \u00e0s 12 horas","og_url":"https:\/\/extralibris.net\/sesisenai\/introducao-a-comunicacao-cientifica-e-normas-da-abnt-para-estudantes-do-3o-ano-na-bibloteca\/","og_site_name":"SESI SENAI Goi\u00e1s","article_published_time":"2024-04-05T11:51:45+00:00","author":"Fabiano Caruso","twitter_card":"summary_large_image","twitter_misc":{"Escrito por":"Fabiano Caruso","Est. tempo de leitura":"1 minuto"},"schema":{"@context":"https:\/\/schema.org","@graph":[{"@type":"Article","@id":"https:\/\/extralibris.net\/sesisenai\/introducao-a-comunicacao-cientifica-e-normas-da-abnt-para-estudantes-do-3o-ano-na-bibloteca\/#article","isPartOf":{"@id":"https:\/\/extralibris.net\/sesisenai\/introducao-a-comunicacao-cientifica-e-normas-da-abnt-para-estudantes-do-3o-ano-na-bibloteca\/"},"author":{"name":"Fabiano Caruso","@id":"https:\/\/extralibris.net\/sesisenai\/#\/schema\/person\/d6f5ac560e3fcd8e9049646df96682f9"},"headline":"Introdu\u00e7\u00e3o a comunica\u00e7\u00e3o cient\u00edfica e normas da abnt para estudantes do 3o ano de Eletromec\u00e2nica","datePublished":"2024-04-05T11:51:45+00:00","mainEntityOfPage":{"@id":"https:\/\/extralibris.net\/sesisenai\/introducao-a-comunicacao-cientifica-e-normas-da-abnt-para-estudantes-do-3o-ano-na-bibloteca\/"},"wordCount":89,"publisher":{"@id":"https:\/\/extralibris.net\/sesisenai\/#organization"},"articleSection":["Biblioteca Figital"],"inLanguage":"pt-BR"},{"@type":"WebPage","@id":"https:\/\/extralibris.net\/sesisenai\/introducao-a-comunicacao-cientifica-e-normas-da-abnt-para-estudantes-do-3o-ano-na-bibloteca\/","url":"https:\/\/extralibris.net\/sesisenai\/introducao-a-comunicacao-cientifica-e-normas-da-abnt-para-estudantes-do-3o-ano-na-bibloteca\/","name":"Introdu\u00e7\u00e3o a comunica\u00e7\u00e3o cient\u00edfica e normas da abnt para estudantes do 3o ano de Eletromec\u00e2nica - SESI SENAI Goi\u00e1s","isPartOf":{"@id":"https:\/\/extralibris.net\/sesisenai\/#website"},"datePublished":"2024-04-05T11:51:45+00:00","breadcrumb":{"@id":"https:\/\/extralibris.net\/sesisenai\/introducao-a-comunicacao-cientifica-e-normas-da-abnt-para-estudantes-do-3o-ano-na-bibloteca\/#breadcrumb"},"inLanguage":"pt-BR","potentialAction":[{"@type":"ReadAction","target":["https:\/\/extralibris.net\/sesisenai\/introducao-a-comunicacao-cientifica-e-normas-da-abnt-para-estudantes-do-3o-ano-na-bibloteca\/"]}]},{"@type":"BreadcrumbList","@id":"https:\/\/extralibris.net\/sesisenai\/introducao-a-comunicacao-cientifica-e-normas-da-abnt-para-estudantes-do-3o-ano-na-bibloteca\/#breadcrumb","itemListElement":[{"@type":"ListItem","position":1,"name":"In\u00edcio","item":"https:\/\/extralibris.net\/sesisenai\/"},{"@type":"ListItem","position":2,"name":"Introdu\u00e7\u00e3o a comunica\u00e7\u00e3o cient\u00edfica e normas da abnt para estudantes do 3o ano de Eletromec\u00e2nica"}]},{"@type":"WebSite","@id":"https:\/\/extralibris.net\/sesisenai\/#website","url":"https:\/\/extralibris.net\/sesisenai\/","name":"SESI SENAI Goi\u00e1s","description":"Curadoria Figital","publisher":{"@id":"https:\/\/extralibris.net\/sesisenai\/#organization"},"potentialAction":[{"@type":"SearchAction","target":{"@type":"EntryPoint","urlTemplate":"https:\/\/extralibris.net\/sesisenai\/?s={search_term_string}"},"query-input":{"@type":"PropertyValueSpecification","valueRequired":true,"valueName":"search_term_string"}}],"inLanguage":"pt-BR"},{"@type":"Organization","@id":"https:\/\/extralibris.net\/sesisenai\/#organization","name":"SESI SENAI Goi\u00e1s","url":"https:\/\/extralibris.net\/sesisenai\/","logo":{"@type":"ImageObject","inLanguage":"pt-BR","@id":"https:\/\/extralibris.net\/sesisenai\/#\/schema\/logo\/image\/","url":"https:\/\/extralibris.net\/sesisenai\/wp-content\/uploads\/sites\/2\/2025\/05\/cropped-cropped-THUMB_SesiSenai_Colorida-1.jpg","contentUrl":"https:\/\/extralibris.net\/sesisenai\/wp-content\/uploads\/sites\/2\/2025\/05\/cropped-cropped-THUMB_SesiSenai_Colorida-1.jpg","width":512,"height":256,"caption":"SESI SENAI Goi\u00e1s"},"image":{"@id":"https:\/\/extralibris.net\/sesisenai\/#\/schema\/logo\/image\/"}},{"@type":"Person","@id":"https:\/\/extralibris.net\/sesisenai\/#\/schema\/person\/d6f5ac560e3fcd8e9049646df96682f9","name":"Fabiano Caruso","image":{"@type":"ImageObject","inLanguage":"pt-BR","@id":"https:\/\/secure.gravatar.com\/avatar\/902dd05b026e1498c3df68d79527d66cc7cf71512ba49dde8c6a6ad7effdf64d?s=96&d=mm&r=g","url":"https:\/\/secure.gravatar.com\/avatar\/902dd05b026e1498c3df68d79527d66cc7cf71512ba49dde8c6a6ad7effdf64d?s=96&d=mm&r=g","contentUrl":"https:\/\/secure.gravatar.com\/avatar\/902dd05b026e1498c3df68d79527d66cc7cf71512ba49dde8c6a6ad7effdf64d?s=96&d=mm&r=g","caption":"Fabiano Caruso"},"sameAs":["https:\/\/figiteca.com"],"url":"https:\/\/extralibris.net\/sesisenai\/author\/caruso\/"}]}},"featured_image_src":null,"featured_image_src_square":null,"author_info":{"display_name":"Fabiano Caruso","author_link":"https:\/\/extralibris.net\/sesisenai\/author\/caruso\/"},"_links":{"self":[{"href":"https:\/\/extralibris.net\/sesisenai\/wp-json\/wp\/v2\/posts\/946","targetHints":{"allow":["GET"]}}],"collection":[{"href":"https:\/\/extralibris.net\/sesisenai\/wp-json\/wp\/v2\/posts"}],"about":[{"href":"https:\/\/extralibris.net\/sesisenai\/wp-json\/wp\/v2\/types\/post"}],"author":[{"embeddable":true,"href":"https:\/\/extralibris.net\/sesisenai\/wp-json\/wp\/v2\/users\/1"}],"replies":[{"embeddable":true,"href":"https:\/\/extralibris.net\/sesisenai\/wp-json\/wp\/v2\/comments?post=946"}],"version-history":[{"count":0,"href":"https:\/\/extralibris.net\/sesisenai\/wp-json\/wp\/v2\/posts\/946\/revisions"}],"wp:attachment":[{"href":"https:\/\/extralibris.net\/sesisenai\/wp-json\/wp\/v2\/media?parent=946"}],"wp:term":[{"taxonomy":"category","embeddable":true,"href":"https:\/\/extralibris.net\/sesisenai\/wp-json\/wp\/v2\/categories?post=946"},{"taxonomy":"post_tag","embeddable":true,"href":"https:\/\/extralibris.net\/sesisenai\/wp-json\/wp\/v2\/tags?post=946"}],"curies":[{"name":"wp","href":"https:\/\/api.w.org\/{rel}","templated":true}]}}