{"id":2540,"date":"2018-01-01T10:00:00","date_gmt":"2018-01-01T12:00:00","guid":{"rendered":"https:\/\/extralibris.org\/fabianocaruso\/?p=2540"},"modified":"2018-01-01T10:00:00","modified_gmt":"2018-01-01T12:00:00","slug":"uma-cartografia-criativa-em-socioexpografia","status":"publish","type":"post","link":"https:\/\/extralibris.net\/caruso\/uma-cartografia-criativa-em-socioexpografia\/","title":{"rendered":"Uma cartografia criativa em socioexpografia"},"content":{"rendered":"\n<p class=\"wp-block-paragraph\">Neri Oxman, arquiteta, designer, inventora e professora do MIT Media Lab, no ensaio&nbsp;<strong><a href=\"https:\/\/jods.mitpress.mit.edu\/pub\/ageofentanglement\">age of entaglement<\/a><\/strong>, criou um modelo para representar o potencial&nbsp;<strong>antidisciplinar<\/strong>&nbsp;de&nbsp;<strong>entrela\u00e7amento<\/strong>&nbsp;da atividade criativa humana:<\/p>\n\n\n\n<blockquote class=\"wp-block-quote is-layout-flow wp-block-quote-is-layout-flow\"><p>Um mapa para quatro dom\u00ednios da explora\u00e7\u00e3o criativa &#8211; Ci\u00eancia, Engenharia, Design e Arte &#8211; em uma tentativa de representar a hip\u00f3tese antidisciplinar: que os saberes n\u00e3o podem mais ser atribu\u00eddos a, ou produzidos dentro de fronteiras disciplinares, mas s\u00e3o completamente entrela\u00e7ados. O objetivo \u00e9 estabelecer uma cartografia provis\u00f3ria, mas hol\u00edstica, da inter-rela\u00e7\u00e3o entre esses dom\u00ednios, onde um dom\u00ednio pode incitar a (r) evolu\u00e7\u00e3o dentro de outro; e onde um \u00fanico indiv\u00edduo ou projeto pode residir em m\u00faltiplos dom\u00ednios. Principalmente, quando este \u00e9 um convite para questionar e alterar o status quo nos ambientes.<\/p><\/blockquote>\n\n\n\n<div class=\"wp-block-image\"><figure class=\"aligncenter size-large\"><img loading=\"lazy\" decoding=\"async\" width=\"774\" height=\"773\" src=\"https:\/\/extralibris.net\/caruso\/wp-content\/uploads\/sites\/10\/2020\/05\/extralibriscartografiasocioexpografia.png\" alt=\"\" class=\"wp-image-2569\" srcset=\"https:\/\/extralibris.net\/caruso\/wp-content\/uploads\/sites\/10\/2020\/05\/extralibriscartografiasocioexpografia.png 774w, https:\/\/extralibris.net\/caruso\/wp-content\/uploads\/sites\/10\/2020\/05\/extralibriscartografiasocioexpografia-300x300.png 300w, https:\/\/extralibris.net\/caruso\/wp-content\/uploads\/sites\/10\/2020\/05\/extralibriscartografiasocioexpografia-150x150.png 150w, https:\/\/extralibris.net\/caruso\/wp-content\/uploads\/sites\/10\/2020\/05\/extralibriscartografiasocioexpografia-768x767.png 768w, https:\/\/extralibris.net\/caruso\/wp-content\/uploads\/sites\/10\/2020\/05\/extralibriscartografiasocioexpografia-80x80.png 80w, https:\/\/extralibris.net\/caruso\/wp-content\/uploads\/sites\/10\/2020\/05\/extralibriscartografiasocioexpografia-600x600.png 600w\" sizes=\"auto, (max-width: 774px) 100vw, 774px\" \/><\/figure><\/div>\n\n\n\n<p class=\"wp-block-paragraph\">Utilizei este mapa para ajudar a representar um ciclo de pesquisa-a\u00e7\u00e3o que foram ampliados nos \u00faltimos anos para valida\u00e7\u00e3o em ambientes presenciais do conceito e desenvolvimento daplataforma para a socioexpografia&nbsp;<a href=\"https:\/\/extralibris.org\/\"><strong>ExtraLibris<\/strong><\/a>.<\/p>\n\n\n\n<p class=\"wp-block-paragraph\">O objetivo era desenvolver uma tecnologia social n\u00e3o preocupada apenas com a literacia sist\u00eamica para a colabora\u00e7\u00e3o digital, como vinha atuando na \u00faltima d\u00e9cada &#8211; mas repensando como as novas ferramentas digitais poderiam impactar a rela\u00e7\u00e3o entre as pessoas e os artefatos em ambientes presenciais.<\/p>\n\n\n\n<p class=\"wp-block-paragraph\">Al\u00e9m do que, ao inv\u00e9s de pensar as plataformas digitais baseados em estudos de usu\u00e1rios e em sistemas de controle dos grandes dados, algumas perguntas que a pesquisa aplicada para o desenvolvimento da tecnologia social tentou responder foram:<\/p>\n\n\n\n<blockquote class=\"wp-block-quote is-layout-flow wp-block-quote-is-layout-flow\"><p>Como colocar no centro experi\u00eancia humana para a qualifica\u00e7\u00e3o de pessoas respons\u00e1veis pela organiza\u00e7\u00e3o dos items de exposi\u00e7\u00e3o? Quais possibilidades e diversidades de contextos que envolvem as possibilidades para organiza\u00e7\u00e3o e compartilhamento dos items de exposi\u00e7\u00e3o? Como pensar a rela\u00e7\u00e3o entre o universo anal\u00f3gico e o digital de forma orientada a nossa rela\u00e7\u00e3o com os items de exposi\u00e7\u00e3o? Como seria poss\u00edvel oferecer respostas para os desafios do humanismo frente a era p\u00f3s-digital?<\/p><\/blockquote>\n\n\n\n<p class=\"wp-block-paragraph\">A&nbsp;<strong>socioexpografia<\/strong>&nbsp;<strong>ExtraLibris<\/strong>&nbsp;emerge de uma busca de celebra\u00e7\u00e3o do potencial criativo humano &#8211; derivando uma s\u00e9rie de instrumentos para transferir tecnologia para que pessoas da sociedade civil possam organizar seus items de exposi\u00e7\u00e3o que representem suas experi\u00eancias compartilhadas no mundo.<\/p>\n\n\n\n<p class=\"wp-block-paragraph\">Para resolver esta quest\u00e3o realizei uma proposta de tecplomacia, em que o digital n\u00e3o \u00e9 um substituto para o presencial. Uma abordagem que e a experi\u00eancia com os acervos culturais podem ser apresentadas nos dois ambientes com ferramentas que dialogam duas culturas.<\/p>\n\n\n\n<p class=\"wp-block-paragraph\">Um modelo que busca entrela\u00e7ar a&nbsp;<strong>mem\u00f3ria participativa<\/strong>&nbsp;em ambientes presenciais at\u00e9 a&nbsp;<strong>intelig\u00eancia colaborativa<\/strong>&nbsp;em ambientes digitais.<\/p>\n\n\n\n<div class=\"wp-block-image\"><figure class=\"aligncenter size-large\"><img loading=\"lazy\" decoding=\"async\" width=\"1024\" height=\"534\" src=\"https:\/\/fabianocaruso.com\/wp-content\/uploads\/sites\/2\/2020\/05\/extralibrissocioexpografiametodologia-1024x534.png\" alt=\"\" class=\"wp-image-2567\" srcset=\"https:\/\/extralibris.net\/caruso\/wp-content\/uploads\/sites\/10\/2020\/05\/extralibrissocioexpografiametodologia-1024x534.png 1024w, https:\/\/extralibris.net\/caruso\/wp-content\/uploads\/sites\/10\/2020\/05\/extralibrissocioexpografiametodologia-300x156.png 300w, https:\/\/extralibris.net\/caruso\/wp-content\/uploads\/sites\/10\/2020\/05\/extralibrissocioexpografiametodologia-768x400.png 768w\" sizes=\"auto, (max-width: 1024px) 100vw, 1024px\" \/><\/figure><\/div>\n\n\n\n<p class=\"wp-block-paragraph\">O<strong>&nbsp;design da participa\u00e7\u00e3o&nbsp;<\/strong>representa a implementa\u00e7\u00e3o de ambientes presenciais com a ado\u00e7\u00e3o de cat\u00e1logos, estantes e cole\u00e7\u00f5es abertas, abandonando o padr\u00f5es do s\u00e9culo passado orientados ao modelo mental industrial do controle bibliogr\u00e1fico central &#8211; que favoreceu a concentra\u00e7\u00e3o de tecnop\u00f3lios &#8211; em ambientes de educa\u00e7\u00e3o, ci\u00eancia e cultura em detrimento do florescimento humano.<\/p>\n\n\n\n<p class=\"wp-block-paragraph\">Al\u00e9m de realizar proposi\u00e7\u00f5es que pensam em como interfaces anal\u00f3gicas e a produ\u00e7\u00e3o de conte\u00fados sobre os objetos possam ser representadas em uma plataforma digital. Ou seja, a rela\u00e7\u00e3o com a&nbsp;<strong>internet das coisas &nbsp;<\/strong>n\u00e3o \u00e9 orientada ao controle e a automa\u00e7\u00e3o, mas a produ\u00e7\u00e3o colaborativa de conte\u00fados atrav\u00e9s de diferentes tipos de interfaces sobre os items de exposi\u00e7\u00e3o.<\/p>\n\n\n\n<p class=\"wp-block-paragraph\">Uma abordagem que esta sendo aplicada em diferentes dom\u00ednios utilizando o sistema&nbsp;<strong><a href=\"https:\/\/extralibris.org\/\">ExtraLibris<\/a><\/strong>, para permitir a cria\u00e7\u00e3o de&nbsp;<a href=\"https:\/\/extralibris.org\/plataforma\/\"><strong>diferentes tipos de ambientes de exposi\u00e7\u00e3o conectados<\/strong><\/a>.<\/p>\n\n\n\n<p class=\"wp-block-paragraph\">Desta forma, pretende-se estimular uma cultura de&nbsp;<strong>criatividade<\/strong>,&nbsp;<strong>conversa\u00e7\u00e3o<\/strong>&nbsp;e&nbsp;<strong>confian\u00e7a<\/strong>&nbsp;&#8211; inspirando futuras gera\u00e7\u00f5es para um humanismo poss\u00edvel na organiza\u00e7\u00e3o de acervos culturais para as gera\u00e7\u00f5es do s\u00e9culo. XXI.<\/p>\n","protected":false},"excerpt":{"rendered":"<p>Neri Oxman, arquiteta, designer, inventora e professora do MIT Media Lab, no ensaio&nbsp;age of entaglement, criou um modelo para representar o potencial&nbsp;antidisciplinar&nbsp;de&nbsp;entrela\u00e7amento&nbsp;da atividade criativa humana: Um mapa para quatro dom\u00ednios da explora\u00e7\u00e3o criativa &#8211; Ci\u00eancia, Engenharia, Design e Arte &#8211; em uma tentativa de representar a hip\u00f3tese antidisciplinar: que os saberes n\u00e3o podem mais ser &hellip;<\/p>\n","protected":false},"author":1,"featured_media":0,"comment_status":"closed","ping_status":"closed","sticky":false,"template":"","format":"standard","meta":{"_genesis_hide_title":false,"_genesis_hide_breadcrumbs":false,"_genesis_hide_singular_image":false,"_genesis_hide_footer_widgets":false,"_genesis_custom_body_class":"","_genesis_custom_post_class":"","_genesis_layout":"full-width-content","footnotes":""},"categories":[2],"tags":[],"class_list":["post-2540","post","type-post","status-publish","format-standard","category-principios","entry"],"yoast_head":"<!-- This site is optimized with the Yoast SEO plugin v28.3 - https:\/\/yoast.com\/product\/yoast-seo-wordpress\/ -->\n<title>Uma cartografia criativa em socioexpografia - Fabiano Caruso<\/title>\n<meta name=\"robots\" content=\"index, follow, max-snippet:-1, max-image-preview:large, max-video-preview:-1\" \/>\n<link rel=\"canonical\" href=\"https:\/\/extralibris.net\/caruso\/uma-cartografia-criativa-em-socioexpografia\/\" \/>\n<meta property=\"og:locale\" content=\"pt_BR\" \/>\n<meta property=\"og:type\" content=\"article\" \/>\n<meta property=\"og:title\" content=\"Uma cartografia criativa em socioexpografia - Fabiano Caruso\" \/>\n<meta property=\"og:description\" content=\"Neri Oxman, arquiteta, designer, inventora e professora do MIT Media Lab, no ensaio&nbsp;age of entaglement, criou um modelo para representar o potencial&nbsp;antidisciplinar&nbsp;de&nbsp;entrela\u00e7amento&nbsp;da atividade criativa humana: Um mapa para quatro dom\u00ednios da explora\u00e7\u00e3o criativa &#8211; Ci\u00eancia, Engenharia, Design e Arte &#8211; em uma tentativa de representar a hip\u00f3tese antidisciplinar: que os saberes n\u00e3o podem mais ser &hellip;\" \/>\n<meta property=\"og:url\" content=\"https:\/\/extralibris.net\/caruso\/uma-cartografia-criativa-em-socioexpografia\/\" \/>\n<meta property=\"og:site_name\" content=\"Fabiano Caruso\" \/>\n<meta property=\"article:published_time\" content=\"2018-01-01T12:00:00+00:00\" \/>\n<meta property=\"og:image\" content=\"https:\/\/extralibris.net\/caruso\/wp-content\/uploads\/sites\/10\/2020\/05\/extralibriscartografiasocioexpografia.png\" \/>\n<meta name=\"author\" content=\"Fabiano Caruso\" \/>\n<meta name=\"twitter:card\" content=\"summary_large_image\" \/>\n<meta name=\"twitter:label1\" content=\"Escrito por\" \/>\n\t<meta name=\"twitter:data1\" content=\"Fabiano Caruso\" \/>\n\t<meta name=\"twitter:label2\" content=\"Est. tempo de leitura\" \/>\n\t<meta name=\"twitter:data2\" content=\"3 minutos\" \/>\n<script type=\"application\/ld+json\" class=\"yoast-schema-graph\">{\"@context\":\"https:\\\/\\\/schema.org\",\"@graph\":[{\"@type\":\"Article\",\"@id\":\"https:\\\/\\\/extralibris.net\\\/caruso\\\/uma-cartografia-criativa-em-socioexpografia\\\/#article\",\"isPartOf\":{\"@id\":\"https:\\\/\\\/extralibris.net\\\/caruso\\\/uma-cartografia-criativa-em-socioexpografia\\\/\"},\"author\":{\"name\":\"Fabiano Caruso\",\"@id\":\"https:\\\/\\\/extralibris.net\\\/caruso\\\/#\\\/schema\\\/person\\\/d6f5ac560e3fcd8e9049646df96682f9\"},\"headline\":\"Uma cartografia criativa em socioexpografia\",\"datePublished\":\"2018-01-01T12:00:00+00:00\",\"mainEntityOfPage\":{\"@id\":\"https:\\\/\\\/extralibris.net\\\/caruso\\\/uma-cartografia-criativa-em-socioexpografia\\\/\"},\"wordCount\":689,\"publisher\":{\"@id\":\"https:\\\/\\\/extralibris.net\\\/caruso\\\/#organization\"},\"image\":{\"@id\":\"https:\\\/\\\/extralibris.net\\\/caruso\\\/uma-cartografia-criativa-em-socioexpografia\\\/#primaryimage\"},\"thumbnailUrl\":\"https:\\\/\\\/extralibris.net\\\/caruso\\\/wp-content\\\/uploads\\\/sites\\\/10\\\/2020\\\/05\\\/extralibriscartografiasocioexpografia.png\",\"articleSection\":[\"Principios\"],\"inLanguage\":\"pt-BR\"},{\"@type\":\"WebPage\",\"@id\":\"https:\\\/\\\/extralibris.net\\\/caruso\\\/uma-cartografia-criativa-em-socioexpografia\\\/\",\"url\":\"https:\\\/\\\/extralibris.net\\\/caruso\\\/uma-cartografia-criativa-em-socioexpografia\\\/\",\"name\":\"Uma cartografia criativa em socioexpografia - Fabiano Caruso\",\"isPartOf\":{\"@id\":\"https:\\\/\\\/extralibris.net\\\/caruso\\\/#website\"},\"primaryImageOfPage\":{\"@id\":\"https:\\\/\\\/extralibris.net\\\/caruso\\\/uma-cartografia-criativa-em-socioexpografia\\\/#primaryimage\"},\"image\":{\"@id\":\"https:\\\/\\\/extralibris.net\\\/caruso\\\/uma-cartografia-criativa-em-socioexpografia\\\/#primaryimage\"},\"thumbnailUrl\":\"https:\\\/\\\/extralibris.net\\\/caruso\\\/wp-content\\\/uploads\\\/sites\\\/10\\\/2020\\\/05\\\/extralibriscartografiasocioexpografia.png\",\"datePublished\":\"2018-01-01T12:00:00+00:00\",\"breadcrumb\":{\"@id\":\"https:\\\/\\\/extralibris.net\\\/caruso\\\/uma-cartografia-criativa-em-socioexpografia\\\/#breadcrumb\"},\"inLanguage\":\"pt-BR\",\"potentialAction\":[{\"@type\":\"ReadAction\",\"target\":[\"https:\\\/\\\/extralibris.net\\\/caruso\\\/uma-cartografia-criativa-em-socioexpografia\\\/\"]}]},{\"@type\":\"ImageObject\",\"inLanguage\":\"pt-BR\",\"@id\":\"https:\\\/\\\/extralibris.net\\\/caruso\\\/uma-cartografia-criativa-em-socioexpografia\\\/#primaryimage\",\"url\":\"https:\\\/\\\/extralibris.net\\\/caruso\\\/wp-content\\\/uploads\\\/sites\\\/10\\\/2020\\\/05\\\/extralibriscartografiasocioexpografia.png\",\"contentUrl\":\"https:\\\/\\\/extralibris.net\\\/caruso\\\/wp-content\\\/uploads\\\/sites\\\/10\\\/2020\\\/05\\\/extralibriscartografiasocioexpografia.png\"},{\"@type\":\"BreadcrumbList\",\"@id\":\"https:\\\/\\\/extralibris.net\\\/caruso\\\/uma-cartografia-criativa-em-socioexpografia\\\/#breadcrumb\",\"itemListElement\":[{\"@type\":\"ListItem\",\"position\":1,\"name\":\"In\u00edcio\",\"item\":\"https:\\\/\\\/extralibris.net\\\/caruso\\\/\"},{\"@type\":\"ListItem\",\"position\":2,\"name\":\"Uma cartografia criativa em socioexpografia\"}]},{\"@type\":\"WebSite\",\"@id\":\"https:\\\/\\\/extralibris.net\\\/caruso\\\/#website\",\"url\":\"https:\\\/\\\/extralibris.net\\\/caruso\\\/\",\"name\":\"Fabiano Caruso\",\"description\":\"\",\"publisher\":{\"@id\":\"https:\\\/\\\/extralibris.net\\\/caruso\\\/#organization\"},\"potentialAction\":[{\"@type\":\"SearchAction\",\"target\":{\"@type\":\"EntryPoint\",\"urlTemplate\":\"https:\\\/\\\/extralibris.net\\\/caruso\\\/?s={search_term_string}\"},\"query-input\":{\"@type\":\"PropertyValueSpecification\",\"valueRequired\":true,\"valueName\":\"search_term_string\"}}],\"inLanguage\":\"pt-BR\"},{\"@type\":\"Organization\",\"@id\":\"https:\\\/\\\/extralibris.net\\\/caruso\\\/#organization\",\"name\":\"Fabiano Caruso\",\"url\":\"https:\\\/\\\/extralibris.net\\\/caruso\\\/\",\"logo\":{\"@type\":\"ImageObject\",\"inLanguage\":\"pt-BR\",\"@id\":\"https:\\\/\\\/extralibris.net\\\/caruso\\\/#\\\/schema\\\/logo\\\/image\\\/\",\"url\":\"https:\\\/\\\/extralibris.net\\\/caruso\\\/wp-content\\\/uploads\\\/sites\\\/10\\\/2021\\\/08\\\/extralibrisorgtopo.png\",\"contentUrl\":\"https:\\\/\\\/extralibris.net\\\/caruso\\\/wp-content\\\/uploads\\\/sites\\\/10\\\/2021\\\/08\\\/extralibrisorgtopo.png\",\"width\":240,\"height\":120,\"caption\":\"Fabiano Caruso\"},\"image\":{\"@id\":\"https:\\\/\\\/extralibris.net\\\/caruso\\\/#\\\/schema\\\/logo\\\/image\\\/\"}},{\"@type\":\"Person\",\"@id\":\"https:\\\/\\\/extralibris.net\\\/caruso\\\/#\\\/schema\\\/person\\\/d6f5ac560e3fcd8e9049646df96682f9\",\"name\":\"Fabiano Caruso\",\"image\":{\"@type\":\"ImageObject\",\"inLanguage\":\"pt-BR\",\"@id\":\"https:\\\/\\\/secure.gravatar.com\\\/avatar\\\/902dd05b026e1498c3df68d79527d66cc7cf71512ba49dde8c6a6ad7effdf64d?s=96&d=mm&r=g\",\"url\":\"https:\\\/\\\/secure.gravatar.com\\\/avatar\\\/902dd05b026e1498c3df68d79527d66cc7cf71512ba49dde8c6a6ad7effdf64d?s=96&d=mm&r=g\",\"contentUrl\":\"https:\\\/\\\/secure.gravatar.com\\\/avatar\\\/902dd05b026e1498c3df68d79527d66cc7cf71512ba49dde8c6a6ad7effdf64d?s=96&d=mm&r=g\",\"caption\":\"Fabiano Caruso\"},\"sameAs\":[\"https:\\\/\\\/figiteca.com\"],\"url\":\"https:\\\/\\\/extralibris.net\\\/caruso\\\/author\\\/caruso\\\/\"}]}<\/script>\n<!-- \/ Yoast SEO plugin. -->","yoast_head_json":{"title":"Uma cartografia criativa em socioexpografia - Fabiano Caruso","robots":{"index":"index","follow":"follow","max-snippet":"max-snippet:-1","max-image-preview":"max-image-preview:large","max-video-preview":"max-video-preview:-1"},"canonical":"https:\/\/extralibris.net\/caruso\/uma-cartografia-criativa-em-socioexpografia\/","og_locale":"pt_BR","og_type":"article","og_title":"Uma cartografia criativa em socioexpografia - Fabiano Caruso","og_description":"Neri Oxman, arquiteta, designer, inventora e professora do MIT Media Lab, no ensaio&nbsp;age of entaglement, criou um modelo para representar o potencial&nbsp;antidisciplinar&nbsp;de&nbsp;entrela\u00e7amento&nbsp;da atividade criativa humana: Um mapa para quatro dom\u00ednios da explora\u00e7\u00e3o criativa &#8211; Ci\u00eancia, Engenharia, Design e Arte &#8211; em uma tentativa de representar a hip\u00f3tese antidisciplinar: que os saberes n\u00e3o podem mais ser &hellip;","og_url":"https:\/\/extralibris.net\/caruso\/uma-cartografia-criativa-em-socioexpografia\/","og_site_name":"Fabiano Caruso","article_published_time":"2018-01-01T12:00:00+00:00","og_image":[{"url":"https:\/\/extralibris.net\/caruso\/wp-content\/uploads\/sites\/10\/2020\/05\/extralibriscartografiasocioexpografia.png","type":"","width":"","height":""}],"author":"Fabiano Caruso","twitter_card":"summary_large_image","twitter_misc":{"Escrito por":"Fabiano Caruso","Est. tempo de leitura":"3 minutos"},"schema":{"@context":"https:\/\/schema.org","@graph":[{"@type":"Article","@id":"https:\/\/extralibris.net\/caruso\/uma-cartografia-criativa-em-socioexpografia\/#article","isPartOf":{"@id":"https:\/\/extralibris.net\/caruso\/uma-cartografia-criativa-em-socioexpografia\/"},"author":{"name":"Fabiano Caruso","@id":"https:\/\/extralibris.net\/caruso\/#\/schema\/person\/d6f5ac560e3fcd8e9049646df96682f9"},"headline":"Uma cartografia criativa em socioexpografia","datePublished":"2018-01-01T12:00:00+00:00","mainEntityOfPage":{"@id":"https:\/\/extralibris.net\/caruso\/uma-cartografia-criativa-em-socioexpografia\/"},"wordCount":689,"publisher":{"@id":"https:\/\/extralibris.net\/caruso\/#organization"},"image":{"@id":"https:\/\/extralibris.net\/caruso\/uma-cartografia-criativa-em-socioexpografia\/#primaryimage"},"thumbnailUrl":"https:\/\/extralibris.net\/caruso\/wp-content\/uploads\/sites\/10\/2020\/05\/extralibriscartografiasocioexpografia.png","articleSection":["Principios"],"inLanguage":"pt-BR"},{"@type":"WebPage","@id":"https:\/\/extralibris.net\/caruso\/uma-cartografia-criativa-em-socioexpografia\/","url":"https:\/\/extralibris.net\/caruso\/uma-cartografia-criativa-em-socioexpografia\/","name":"Uma cartografia criativa em socioexpografia - Fabiano Caruso","isPartOf":{"@id":"https:\/\/extralibris.net\/caruso\/#website"},"primaryImageOfPage":{"@id":"https:\/\/extralibris.net\/caruso\/uma-cartografia-criativa-em-socioexpografia\/#primaryimage"},"image":{"@id":"https:\/\/extralibris.net\/caruso\/uma-cartografia-criativa-em-socioexpografia\/#primaryimage"},"thumbnailUrl":"https:\/\/extralibris.net\/caruso\/wp-content\/uploads\/sites\/10\/2020\/05\/extralibriscartografiasocioexpografia.png","datePublished":"2018-01-01T12:00:00+00:00","breadcrumb":{"@id":"https:\/\/extralibris.net\/caruso\/uma-cartografia-criativa-em-socioexpografia\/#breadcrumb"},"inLanguage":"pt-BR","potentialAction":[{"@type":"ReadAction","target":["https:\/\/extralibris.net\/caruso\/uma-cartografia-criativa-em-socioexpografia\/"]}]},{"@type":"ImageObject","inLanguage":"pt-BR","@id":"https:\/\/extralibris.net\/caruso\/uma-cartografia-criativa-em-socioexpografia\/#primaryimage","url":"https:\/\/extralibris.net\/caruso\/wp-content\/uploads\/sites\/10\/2020\/05\/extralibriscartografiasocioexpografia.png","contentUrl":"https:\/\/extralibris.net\/caruso\/wp-content\/uploads\/sites\/10\/2020\/05\/extralibriscartografiasocioexpografia.png"},{"@type":"BreadcrumbList","@id":"https:\/\/extralibris.net\/caruso\/uma-cartografia-criativa-em-socioexpografia\/#breadcrumb","itemListElement":[{"@type":"ListItem","position":1,"name":"In\u00edcio","item":"https:\/\/extralibris.net\/caruso\/"},{"@type":"ListItem","position":2,"name":"Uma cartografia criativa em socioexpografia"}]},{"@type":"WebSite","@id":"https:\/\/extralibris.net\/caruso\/#website","url":"https:\/\/extralibris.net\/caruso\/","name":"Fabiano Caruso","description":"","publisher":{"@id":"https:\/\/extralibris.net\/caruso\/#organization"},"potentialAction":[{"@type":"SearchAction","target":{"@type":"EntryPoint","urlTemplate":"https:\/\/extralibris.net\/caruso\/?s={search_term_string}"},"query-input":{"@type":"PropertyValueSpecification","valueRequired":true,"valueName":"search_term_string"}}],"inLanguage":"pt-BR"},{"@type":"Organization","@id":"https:\/\/extralibris.net\/caruso\/#organization","name":"Fabiano Caruso","url":"https:\/\/extralibris.net\/caruso\/","logo":{"@type":"ImageObject","inLanguage":"pt-BR","@id":"https:\/\/extralibris.net\/caruso\/#\/schema\/logo\/image\/","url":"https:\/\/extralibris.net\/caruso\/wp-content\/uploads\/sites\/10\/2021\/08\/extralibrisorgtopo.png","contentUrl":"https:\/\/extralibris.net\/caruso\/wp-content\/uploads\/sites\/10\/2021\/08\/extralibrisorgtopo.png","width":240,"height":120,"caption":"Fabiano Caruso"},"image":{"@id":"https:\/\/extralibris.net\/caruso\/#\/schema\/logo\/image\/"}},{"@type":"Person","@id":"https:\/\/extralibris.net\/caruso\/#\/schema\/person\/d6f5ac560e3fcd8e9049646df96682f9","name":"Fabiano Caruso","image":{"@type":"ImageObject","inLanguage":"pt-BR","@id":"https:\/\/secure.gravatar.com\/avatar\/902dd05b026e1498c3df68d79527d66cc7cf71512ba49dde8c6a6ad7effdf64d?s=96&d=mm&r=g","url":"https:\/\/secure.gravatar.com\/avatar\/902dd05b026e1498c3df68d79527d66cc7cf71512ba49dde8c6a6ad7effdf64d?s=96&d=mm&r=g","contentUrl":"https:\/\/secure.gravatar.com\/avatar\/902dd05b026e1498c3df68d79527d66cc7cf71512ba49dde8c6a6ad7effdf64d?s=96&d=mm&r=g","caption":"Fabiano Caruso"},"sameAs":["https:\/\/figiteca.com"],"url":"https:\/\/extralibris.net\/caruso\/author\/caruso\/"}]}},"featured_image_src":null,"featured_image_src_square":null,"author_info":{"display_name":"Fabiano Caruso","author_link":"https:\/\/extralibris.net\/caruso\/author\/caruso\/"},"_links":{"self":[{"href":"https:\/\/extralibris.net\/caruso\/wp-json\/wp\/v2\/posts\/2540","targetHints":{"allow":["GET"]}}],"collection":[{"href":"https:\/\/extralibris.net\/caruso\/wp-json\/wp\/v2\/posts"}],"about":[{"href":"https:\/\/extralibris.net\/caruso\/wp-json\/wp\/v2\/types\/post"}],"author":[{"embeddable":true,"href":"https:\/\/extralibris.net\/caruso\/wp-json\/wp\/v2\/users\/1"}],"replies":[{"embeddable":true,"href":"https:\/\/extralibris.net\/caruso\/wp-json\/wp\/v2\/comments?post=2540"}],"version-history":[{"count":0,"href":"https:\/\/extralibris.net\/caruso\/wp-json\/wp\/v2\/posts\/2540\/revisions"}],"wp:attachment":[{"href":"https:\/\/extralibris.net\/caruso\/wp-json\/wp\/v2\/media?parent=2540"}],"wp:term":[{"taxonomy":"category","embeddable":true,"href":"https:\/\/extralibris.net\/caruso\/wp-json\/wp\/v2\/categories?post=2540"},{"taxonomy":"post_tag","embeddable":true,"href":"https:\/\/extralibris.net\/caruso\/wp-json\/wp\/v2\/tags?post=2540"}],"curies":[{"name":"wp","href":"https:\/\/api.w.org\/{rel}","templated":true}]}}